{"id":695,"date":"2025-01-11T20:57:00","date_gmt":"2025-01-11T20:57:00","guid":{"rendered":"http:\/\/mohajer-leipzig.de\/?p=695"},"modified":"2026-01-27T09:42:52","modified_gmt":"2026-01-27T09:42:52","slug":"80-todestag-von-kurt-kresse","status":"publish","type":"post","link":"http:\/\/mohajer-leipzig.de\/?p=695","title":{"rendered":"80. Todestag von Kurt Kresse"},"content":{"rendered":"\n<p>Heute vor 80 Jahren wurde Kurt Kresse von den Nazis hingerichtet. Der Sportplatz, auf dem wir regelm\u00e4\u00dfig trainieren, tr\u00e4gt seinen Namen. Unser Kooperationspartner der FC Blau-Wei\u00df Leipzig hat eine Gedenkstunde f\u00fcr Kurt Kresse abgehalten.<\/p>\n\n\n\n<figure class=\"wp-block-image size-large\"><img loading=\"lazy\" decoding=\"async\" width=\"1024\" height=\"449\" src=\"http:\/\/mohajer-leipzig.de\/wp-content\/uploads\/2025\/01\/1000038565_ediert-1024x449.jpg\" alt=\"\" class=\"wp-image-696\" srcset=\"http:\/\/mohajer-leipzig.de\/wp-content\/uploads\/2025\/01\/1000038565_ediert-1024x449.jpg 1024w, http:\/\/mohajer-leipzig.de\/wp-content\/uploads\/2025\/01\/1000038565_ediert-300x132.jpg 300w, http:\/\/mohajer-leipzig.de\/wp-content\/uploads\/2025\/01\/1000038565_ediert-768x337.jpg 768w, http:\/\/mohajer-leipzig.de\/wp-content\/uploads\/2025\/01\/1000038565_ediert-1536x673.jpg 1536w, http:\/\/mohajer-leipzig.de\/wp-content\/uploads\/2025\/01\/1000038565_ediert-2048x898.jpg 2048w\" sizes=\"auto, (max-width: 1024px) 100vw, 1024px\" \/><\/figure>\n\n\n\n<p>Philipp Bludovsky hat als studierter Historiker die mehr als 50 Versammelten \u00fcber das Leben von Kurt Kresse informiert, bevor er in Gedenken des antifaschistischen K\u00e4mpfers und Mitglied des Vorg\u00e4ngervereins zu einer Schweigeminute aufrief.<\/p>\n\n\n\n<p>Ich gebe den Vortrag nun nicht wieder und erlaube mir, einfach auf den <a href=\"https:\/\/de.wikipedia.org\/wiki\/Kurt_Kresse_(Widerstandsk%C3%A4mpfer)\">Wikipedia-Artikel<\/a> zu verweisen, der allerdings nicht alles in Bezug auf den Verein enth\u00e4lt.<\/p>\n\n\n\n<figure class=\"wp-block-image size-large\"><img loading=\"lazy\" decoding=\"async\" width=\"1024\" height=\"1024\" src=\"http:\/\/mohajer-leipzig.de\/wp-content\/uploads\/2025\/01\/1000038564_ediert-1024x1024.jpg\" alt=\"\" class=\"wp-image-697\" srcset=\"http:\/\/mohajer-leipzig.de\/wp-content\/uploads\/2025\/01\/1000038564_ediert-1024x1024.jpg 1024w, http:\/\/mohajer-leipzig.de\/wp-content\/uploads\/2025\/01\/1000038564_ediert-300x300.jpg 300w, http:\/\/mohajer-leipzig.de\/wp-content\/uploads\/2025\/01\/1000038564_ediert-150x150.jpg 150w, http:\/\/mohajer-leipzig.de\/wp-content\/uploads\/2025\/01\/1000038564_ediert-768x768.jpg 768w, http:\/\/mohajer-leipzig.de\/wp-content\/uploads\/2025\/01\/1000038564_ediert-1536x1536.jpg 1536w, http:\/\/mohajer-leipzig.de\/wp-content\/uploads\/2025\/01\/1000038564_ediert.jpg 1656w\" sizes=\"auto, (max-width: 1024px) 100vw, 1024px\" \/><\/figure>\n\n\n\n<p>Blau-Wei\u00df m\u00f6chte sich auch weiterhin mit der Geschichte der Vorg\u00e4ngerverein auseinandersetzen und hat dazu eine <em>AG Geschichte<\/em> begr\u00fcndet. Ich habe mir erlaubt, als Vorstandsmitglied eines kooperierenden Vereines, dieser AG beizutreten.<\/p>\n\n\n\n<figure class=\"wp-block-image size-large\"><img loading=\"lazy\" decoding=\"async\" width=\"796\" height=\"1024\" src=\"http:\/\/mohajer-leipzig.de\/wp-content\/uploads\/2025\/01\/1000038603_ediert-796x1024.jpg\" alt=\"\" class=\"wp-image-698\" srcset=\"http:\/\/mohajer-leipzig.de\/wp-content\/uploads\/2025\/01\/1000038603_ediert-796x1024.jpg 796w, http:\/\/mohajer-leipzig.de\/wp-content\/uploads\/2025\/01\/1000038603_ediert-233x300.jpg 233w, http:\/\/mohajer-leipzig.de\/wp-content\/uploads\/2025\/01\/1000038603_ediert-768x988.jpg 768w, http:\/\/mohajer-leipzig.de\/wp-content\/uploads\/2025\/01\/1000038603_ediert-1193x1536.jpg 1193w, http:\/\/mohajer-leipzig.de\/wp-content\/uploads\/2025\/01\/1000038603_ediert-1591x2048.jpg 1591w, http:\/\/mohajer-leipzig.de\/wp-content\/uploads\/2025\/01\/1000038603_ediert-scaled.jpg 1989w\" sizes=\"auto, (max-width: 796px) 100vw, 796px\" \/><\/figure>\n","protected":false},"excerpt":{"rendered":"<p>Heute vor 80 Jahren wurde Kurt Kresse von den Nazis hingerichtet. Der Sportplatz, auf dem wir regelm\u00e4\u00dfig trainieren, tr\u00e4gt seinen Namen. Unser Kooperationspartner der FC Blau-Wei\u00df Leipzig hat eine Gedenkstunde f\u00fcr Kurt Kresse abgehalten. Philipp Bludovsky hat als studierter Historiker &hellip; <a href=\"http:\/\/mohajer-leipzig.de\/?p=695\">Weiterlesen <span class=\"meta-nav\">&rarr;<\/span><\/a><\/p>\n","protected":false},"author":2,"featured_media":0,"comment_status":"closed","ping_status":"closed","sticky":false,"template":"","format":"standard","meta":{"footnotes":""},"categories":[8],"tags":[78,7,14,17],"class_list":["post-695","post","type-post","status-publish","format-standard","hentry","category-verein","tag-gedenken","tag-geschichte","tag-kooperation","tag-leipzig"],"_links":{"self":[{"href":"http:\/\/mohajer-leipzig.de\/index.php?rest_route=\/wp\/v2\/posts\/695","targetHints":{"allow":["GET"]}}],"collection":[{"href":"http:\/\/mohajer-leipzig.de\/index.php?rest_route=\/wp\/v2\/posts"}],"about":[{"href":"http:\/\/mohajer-leipzig.de\/index.php?rest_route=\/wp\/v2\/types\/post"}],"author":[{"embeddable":true,"href":"http:\/\/mohajer-leipzig.de\/index.php?rest_route=\/wp\/v2\/users\/2"}],"replies":[{"embeddable":true,"href":"http:\/\/mohajer-leipzig.de\/index.php?rest_route=%2Fwp%2Fv2%2Fcomments&post=695"}],"version-history":[{"count":1,"href":"http:\/\/mohajer-leipzig.de\/index.php?rest_route=\/wp\/v2\/posts\/695\/revisions"}],"predecessor-version":[{"id":699,"href":"http:\/\/mohajer-leipzig.de\/index.php?rest_route=\/wp\/v2\/posts\/695\/revisions\/699"}],"wp:attachment":[{"href":"http:\/\/mohajer-leipzig.de\/index.php?rest_route=%2Fwp%2Fv2%2Fmedia&parent=695"}],"wp:term":[{"taxonomy":"category","embeddable":true,"href":"http:\/\/mohajer-leipzig.de\/index.php?rest_route=%2Fwp%2Fv2%2Fcategories&post=695"},{"taxonomy":"post_tag","embeddable":true,"href":"http:\/\/mohajer-leipzig.de\/index.php?rest_route=%2Fwp%2Fv2%2Ftags&post=695"}],"curies":[{"name":"wp","href":"https:\/\/api.w.org\/{rel}","templated":true}]}}