{"id":701,"date":"2025-02-13T21:34:25","date_gmt":"2025-02-13T21:34:25","guid":{"rendered":"http:\/\/mohajer-leipzig.de\/?p=701"},"modified":"2026-01-27T09:42:11","modified_gmt":"2026-01-27T09:42:11","slug":"presseerklaerung-des-vorstands","status":"publish","type":"post","link":"http:\/\/mohajer-leipzig.de\/?p=701","title":{"rendered":"Presseerkl\u00e4rung des Vorstands"},"content":{"rendered":"\n<p>Der Vorstand des FC Mohajer Leipzig e.V. ist zutiefst ersch\u00fcttert und betroffen von den Terroranschl\u00e4gen, die in den letzten Monaten in Solingen, Aschaffenburg, Magdeburg und insbesondere heute in M\u00fcnchen ver\u00fcbt wurden. Diese grausamen Taten erf\u00fcllen uns als Verein, dessen Mitglieder vielfach migrantische Wurzeln haben, mit tiefer Trauer und Entsetzen.<\/p>\n\n\n\n<p>Unsere Gedanken sind in dieser schweren Zeit bei den Opfern und ihren Angeh\u00f6rigen. Wir verurteilen diese abscheulichen Anschl\u00e4ge auf das Sch\u00e4rfste und stehen entschlossen gegen jede Form von Gewalt und Terror. Es gibt keine Rechtfertigung f\u00fcr derartige Verbrechen, die unsagbares Leid verursachen. Wir vertrauen darauf, dass der Rechtsstaat die Verantwortlichen zur Rechenschaft ziehen wird.<\/p>\n\n\n\n<p>Als Verein, der insbesondere durch seine afghanischen Wurzeln gepr\u00e4gt ist, empfinden wir eine tiefe Dankbarkeit gegen\u00fcber Deutschland und der deutschen Gesellschaft. Deutschland hat unseren Spielern nicht nur ein neues Zuhause geboten, sondern auch die M\u00f6glichkeit, sich in einer offenen und toleranten Gesellschaft zu integrieren und sich sportlich sowie pers\u00f6nlich weiterzuentwickeln. Diese Gastfreundschaft und den gelebten Zusammenhalt m\u00f6chten wir heute besonders w\u00fcrdigen und danken allen, die uns unterst\u00fctzen und mit uns zusammenarbeiten.<\/p>\n\n\n\n<p>Gerade in diesen schwierigen Zeiten ist es wichtiger denn je, gemeinsam f\u00fcr Frieden, Verst\u00e4ndigung und gegenseitigen Respekt einzutreten. Der FC Mohajer Leipzig e.V. wird auch weiterhin ein Zeichen f\u00fcr Integration, Toleranz und Solidarit\u00e4t setzen \u2013 auf und neben dem Platz.<\/p>\n\n\n\n<p>In tiefer Anteilnahme und Verbundenheit<br><em>Der Vorstand des FC Mohajer Leipzig e.V.<\/em><\/p>\n","protected":false},"excerpt":{"rendered":"<p>Der Vorstand des FC Mohajer Leipzig e.V. ist zutiefst ersch\u00fcttert und betroffen von den Terroranschl\u00e4gen, die in den letzten Monaten in Solingen, Aschaffenburg, Magdeburg und insbesondere heute in M\u00fcnchen ver\u00fcbt wurden. Diese grausamen Taten erf\u00fcllen uns als Verein, dessen Mitglieder &hellip; <a href=\"http:\/\/mohajer-leipzig.de\/?p=701\">Weiterlesen <span class=\"meta-nav\">&rarr;<\/span><\/a><\/p>\n","protected":false},"author":2,"featured_media":0,"comment_status":"closed","ping_status":"closed","sticky":false,"template":"","format":"standard","meta":{"footnotes":""},"categories":[25,8],"tags":[79,82,52,83,81,84,80],"class_list":["post-701","post","type-post","status-publish","format-standard","hentry","category-sonstiges","category-verein","tag-anteilnahme","tag-aschaffenburg","tag-integration","tag-magdeburg","tag-muenchen","tag-solingen","tag-trauer"],"_links":{"self":[{"href":"http:\/\/mohajer-leipzig.de\/index.php?rest_route=\/wp\/v2\/posts\/701","targetHints":{"allow":["GET"]}}],"collection":[{"href":"http:\/\/mohajer-leipzig.de\/index.php?rest_route=\/wp\/v2\/posts"}],"about":[{"href":"http:\/\/mohajer-leipzig.de\/index.php?rest_route=\/wp\/v2\/types\/post"}],"author":[{"embeddable":true,"href":"http:\/\/mohajer-leipzig.de\/index.php?rest_route=\/wp\/v2\/users\/2"}],"replies":[{"embeddable":true,"href":"http:\/\/mohajer-leipzig.de\/index.php?rest_route=%2Fwp%2Fv2%2Fcomments&post=701"}],"version-history":[{"count":1,"href":"http:\/\/mohajer-leipzig.de\/index.php?rest_route=\/wp\/v2\/posts\/701\/revisions"}],"predecessor-version":[{"id":702,"href":"http:\/\/mohajer-leipzig.de\/index.php?rest_route=\/wp\/v2\/posts\/701\/revisions\/702"}],"wp:attachment":[{"href":"http:\/\/mohajer-leipzig.de\/index.php?rest_route=%2Fwp%2Fv2%2Fmedia&parent=701"}],"wp:term":[{"taxonomy":"category","embeddable":true,"href":"http:\/\/mohajer-leipzig.de\/index.php?rest_route=%2Fwp%2Fv2%2Fcategories&post=701"},{"taxonomy":"post_tag","embeddable":true,"href":"http:\/\/mohajer-leipzig.de\/index.php?rest_route=%2Fwp%2Fv2%2Ftags&post=701"}],"curies":[{"name":"wp","href":"https:\/\/api.w.org\/{rel}","templated":true}]}}